{"provider_url": "https://www.novanazare.mt.leg.br", "title": "1\u00ba de outubro dia do Vereador", "html": "<p style=\"text-align: justify; \">Mais que comemorar e trocar sauda\u00e7\u00f5es \u00e9 tamb\u00e9m uma data para se refletir sobre o verdadeiro papel do Vereador na sociedade, possuindo um papel importante no munic\u00edpio em que atua. Ele \u00e9 o elo entre a popula\u00e7\u00e3o e o poder legislativo. Reconhecido o \u201cespelho da comunidade\u201d e o ponto de refer\u00eancia dos anseios populares, o Vereador atual tem, na verdade, uma responsabilidade social muito grande, que vai bem al\u00e9m da fun\u00e7\u00e3o de fazer leis e fiscalizar os atos do Executivo. Por estar mais presente na comunidade, em contato direto com a popula\u00e7\u00e3o, \u00e9 o Vereador quem recebe diariamente toda a carga de reclama\u00e7\u00f5es e de pedidos diversos. \u00c9 ele que tem que ouvir as cr\u00edticas \u2013 quase nunca elogios \u2013 e, na medida do poss\u00edvel (quase que por mera obriga\u00e7\u00e3o), atender o eleitor e/ou encaminhar a demanda aos \u00f3rg\u00e3os competentes. \u00c9 verdade que o cargo de Vereador pode at\u00e9 dar certo status aos detentores, o conv\u00edvio com personalidades e autoridades ilustres. Mas \u00e9 verdade tamb\u00e9m que o cargo exige certos sacrif\u00edcios. A aus\u00eancia do lar e da fam\u00edlia muitas vezes em fun\u00e7\u00e3o dos compromissos legislativos at\u00e9 mesmo em outras cidades ou estados, ou mesmo o distanciamento quase que di\u00e1rio da fam\u00edlia por causa das intermin\u00e1veis reuni\u00f5es, incont\u00e1veis visitas e afazeres pertinentes ao mandato Neste Dia do Vereador, a mensagem que fica \u00e9 que deve haver mesmo entrega e doa\u00e7\u00e3o, pois a causa \u00e9 nobre e a sociedade merece ter a reciprocidade da confian\u00e7a depositada. A resposta que cada Vereador pode \u2013 e deve dar - \u00e9 o trabalho, a dedica\u00e7\u00e3o e a interven\u00e7\u00e3o sistem\u00e1tica junto aos \u00f3rg\u00e3os competentes, no sentido de que as suas a\u00e7\u00f5es possam resultar na melhoria da qualidade de vida dos cidad\u00e3os, para o bem de toda a coletividade. \"Ser Vereador, \u00e9 ter consci\u00eancia das necessidades do povo que lhe conferiu a miss\u00e3o de bem represent\u00e1-lo\".</p>\r\n<p style=\"text-align: justify; \">\u00a0<img src=\"https://www.novanazare.mt.leg.br/Reginaldo.jpg/@@images/7c550db9-a246-4f14-b462-2afdd1d541bd.jpeg\" alt=\"\" class=\"image-inline\" title=\"\" /></p>\r\n<p style=\"text-align: justify; \"><img src=\"https://www.novanazare.mt.leg.br/RosanaAiresdeSouzaSilva.JPG/@@images/000aa11c-9453-415b-ab1c-11ad57147f9e.jpeg\" alt=\"\" class=\"image-inline\" title=\"\" /></p>\r\n<p style=\"text-align: justify; \"><img src=\"https://www.novanazare.mt.leg.br/GenecyCelestinodeSouza.JPG/@@images/0c608bbb-f9ec-4fd5-b995-a7dad811edc7.jpeg\" alt=\"\" class=\"image-inline\" title=\"\" /></p>\r\n<p style=\"text-align: justify; \"><img src=\"https://www.novanazare.mt.leg.br/MoisesAndrdaSilva.JPG/@@images/18f64ae1-9bdf-435d-a15f-42e740baa208.jpeg\" alt=\"\" class=\"image-inline\" title=\"\" /></p>\r\n<p style=\"text-align: justify; \"><img src=\"https://www.novanazare.mt.leg.br/PatriciaCostaGonalvesReckziegel.JPG/@@images/98e75d04-3552-48dc-ab71-1866450c0dc0.jpeg\" alt=\"\" class=\"image-inline\" title=\"\" /></p>\r\n<p style=\"text-align: justify; \"><img src=\"https://www.novanazare.mt.leg.br/LucliaDiasdaSilvaCarvalho.JPG/@@images/563ddd28-3740-4e8c-9ae0-646b85b4617c.jpeg\" alt=\"\" class=\"image-inline\" title=\"\" /></p>\r\n<p style=\"text-align: justify; \">\u00a0<img src=\"https://www.novanazare.mt.leg.br/MrcioTlioRibeiroGonalves.JPG/@@images/fdd0e2da-4356-4418-a43d-524d37aa6c3a.jpeg\" alt=\"\" class=\"image-inline\" title=\"\" /></p>\r\n<p style=\"text-align: justify; \">\u00a0</p>\r\n<p style=\"text-align: justify; \"><img src=\"https://www.novanazare.mt.leg.br/GilvanLuizdaSilva.JPG/@@images/09a9f1c4-811d-46b1-b843-f30829a2633b.jpeg\" alt=\"\" class=\"image-inline\" title=\"\" /></p>\r\n<p style=\"text-align: justify; \"><img src=\"https://www.novanazare.mt.leg.br/ademarmatiasdosreis.JPG/@@images/87dd58dd-cf51-4fd4-b0af-d8a2704e86be.jpeg\" alt=\"\" class=\"image-inline\" title=\"\" /></p>\r\n<p style=\"text-align: justify; \">\u00a0</p>\r\n<p style=\"text-align: justify; \"><br /><br /></p>", "author_name": "Professor Borba/Redator", "version": "1.0", "author_url": "https://www.novanazare.mt.leg.br/author/Professor Borba/Redator", "provider_name": "C\u00e2mara Municipal de Nova Nazar\u00e9", "type": "rich"}