{"provider_url": "https://www.novanazare.mt.leg.br", "title": "GENECY CELESTINO DE SOUZA.", "html": "<p>Nasceu em 7 de julho de 1970, em Cocalinho/MT, onde viveu sua inf\u00e2ncia. Naquela \u00e9poca Cocalinho era distrito de Barra do Gar\u00e7as/MT.</p>\r\n<p>Genecy \u00e9 o 5\u00ba dos 10 filhos do casal Estev\u00e3o Ara\u00fajo de Souza e Jaira Celestino de Souza.</p>\r\n<p>\u00c9 casado com Daila Ferreira Rocha e n\u00e3o teve filhos, mas adotou os enteados Matheus Ferreira de Oliveira e Ilze Kelleky Ferreira de Oliveira. Tendo apenas um filho de sangue Felipe Celestino de Souza.</p>\r\n<p>Em 1988 transferiu resid\u00eancia para Nova Nazar\u00e9. Trabalhou na Fazenda Esteio de 1992 \u00e0 2002. Depois foi para a Fazenda Sol Vermelho (do cantor Amado Batista) onde permaneceu de 2002 \u00e0 2007.</p>\r\n<p>No final de 2007 tornou-se comerciante, tendo seu pr\u00f3prio neg\u00f3cio no ramo de distribuidor.</p>\r\n<p>Disputou sua 1\u00aa elei\u00e7\u00e3o em 2017, sendo eleito com 62 votos, pela legenda do PTB, representando 3,32% dos votos v\u00e1lidos. Desempenha o cargo de 1\u00ba Secret\u00e1rio da Mesa Diretora.</p>\r\n<p>Genecy fez um balan\u00e7o da sua atua\u00e7\u00e3o parlamentar neste primeiro ano de mandato. Possui um grande trabalho no Munic\u00edpio na \u00e1rea social, mas atua em todas as frentes com indica\u00e7\u00f5es e requerimentos junto ao Poder Executivo Municipal e \u00f3rg\u00e3os p\u00fablicos.</p>\r\n<p>Com muita for\u00e7a de vontade vem desempenhando um excelente trabalho em prol da comunidade. Atende com muita humildade os que o procuram e na medida do poss\u00edvel busca uma solu\u00e7\u00e3o.</p>\r\n<p>Genecy Celestino de Souza luta para que sua cidade, que adotou e foi adotado, cres\u00e7a com uma infraestrutura capaz de despertar o interesse dos investidores.</p>\r\n<p><img src=\"https://www.novanazare.mt.leg.br/Genecy01.jpg/@@images/ce781ebe-03b5-406b-84d8-4cd1af43dcdc.jpeg\" alt=\"\" class=\"image-inline\" title=\"\" /></p>\r\n<p><b><i><img src=\"https://www.novanazare.mt.leg.br/Genecy02.jpg/@@images/2711cec0-3b45-4130-a71c-8a14faea9457.jpeg\" alt=\"\" class=\"image-inline\" title=\"\" /></i></b></p>\r\n<p><b><i>Autor: Jornalista Francisco Borba</i></b></p>", "author_name": "Professor Borba/Redator", "version": "1.0", "author_url": "https://www.novanazare.mt.leg.br/author/Professor Borba/Redator", "provider_name": "C\u00e2mara Municipal de Nova Nazar\u00e9", "type": "rich"}