{"provider_url": "https://www.novanazare.mt.leg.br", "title": "SEMANA DA CRIAN\u00c7A.", "html": "<p>A dire\u00e7\u00e3o da EMEI Simone Lopes de Paula, Diretora DEUSA ALVES DE OLIVEIRA BRITO juntamente com os professores fez uma programa\u00e7\u00e3o para comemora\u00e7\u00e3o da Semana das Crian\u00e7as com o Cinema Infantil, nesta segunda feira, 08/outubro.</p>\r\n<p>O local foi a C\u00e2mara Municipal de Vereadores e com os filmes de desenhos animados, como: Os Tr\u00eas Porquinhos, O Pequeno Hawatha entre outros que foram muito apreciados pelas crian\u00e7as.</p>\r\n<p>Percebeu-se pela plateia silenciosas e atenta aos epis\u00f3dios que se seguiam com gargalhadas e aplausos.</p>\r\n<p>Dia 12/outubro \u00e9 o Dia da Crian\u00e7a.</p>\r\n<p><img src=\"https://www.novanazare.mt.leg.br/IMG_2767.JPG/@@images/8cbad1d4-9517-4be9-8a0f-1ca851f62efa.jpeg\" alt=\"\" class=\"image-inline\" title=\"\" /></p>\r\n<p><img src=\"https://www.novanazare.mt.leg.br/IMG_2768.JPG/@@images/51763ca7-7e52-4765-bc57-e73eb7d66a25.jpeg\" alt=\"\" class=\"image-inline\" title=\"\" /></p>\r\n<p><img src=\"https://www.novanazare.mt.leg.br/IMG_2769.JPG/@@images/8a1c24a9-38d9-447b-b111-e42a3bc73adf.jpeg\" alt=\"\" class=\"image-inline\" title=\"\" /></p>\r\n<p><img src=\"https://www.novanazare.mt.leg.br/IMG_2776.JPG/@@images/6aedf031-980a-4795-b94c-a2dcf56fe4af.jpeg\" alt=\"\" class=\"image-inline\" title=\"\" /></p>\r\n<p><img src=\"https://www.novanazare.mt.leg.br/IMG_2778.JPG/@@images/eb58b821-6484-45a6-9927-e54e26a4462f.jpeg\" alt=\"\" class=\"image-inline\" title=\"\" /></p>", "author_name": "Professor Borba/Redator", "version": "1.0", "author_url": "https://www.novanazare.mt.leg.br/author/Professor Borba/Redator", "provider_name": "C\u00e2mara Municipal de Nova Nazar\u00e9", "type": "rich"}