{"provider_url": "https://www.novanazare.mt.leg.br", "title": "Vereador Ademar", "html": "<p><img src=\"https://www.novanazare.mt.leg.br/IMG_20170504_085355021.jpg/@@images/8dd8451f-f252-42fc-8fec-89bb2e6c00ad.jpeg\" alt=\"\" class=\"image-inline\" title=\"\" /><br />O Produtor Rural e Vereador Ademar Matias dos Reis/PMDB \u2013 83 votos - 2\u00ba mandato. No 1\u00ba mandato ocupou a presid\u00eancia da C\u00e2mara no per\u00edodo de 2015/2016.<br />Desde 1985 reside na cidade e exerceu o 1\u00ba mandato de 2013/2016 e agora o 2\u00ba mandato de 2017 /2020.<br />Atua na C\u00e2mara em conjunto com seus colegas. Encaminha pessoas carentes da Comunidade ao Posto de Sa\u00fade quando se faz necess\u00e1rio e ajuda no processo de aposentadoria quem tem direito.<br />Fiscaliza a limpeza da cidade e ilumina\u00e7\u00e3o p\u00fablica. Uma de suas lutas pela Comunidade \u00e9 a canaliza\u00e7\u00e3o do bueiro na Av. Jorge Amado. Obra necess\u00e1ria para o embelezamento da referida avenida.Coloca-se a disposi\u00e7\u00e3o da Comunidade no exerc\u00edcio de seu mandato.<br /><br /></p>", "author_name": "Professor Borba/Redator", "version": "1.0", "author_url": "https://www.novanazare.mt.leg.br/author/Professor Borba/Redator", "provider_name": "C\u00e2mara Municipal de Nova Nazar\u00e9", "type": "rich"}