{"provider_url": "https://www.novanazare.mt.leg.br", "title": "Vereadora Patr\u00edcia ", "html": "<p style=\"text-align: justify; \">A Vereadora Patr\u00edcia Costa Gon\u00e7alves Reckziegel/PSD \u2013 65 votos \u2013 1\u00ba mandato, sem timidez vai iniciando seu trabalho na C\u00e2mara Municipal.<br />Patr\u00edcia, Assistente Social, traz em seu contexto for\u00e7a de vontade, di\u00e1logo, ousadia, determina\u00e7\u00e3o, franqueza para dizer sim quando for sim e dizer n\u00e3o quando for preciso.<br />J\u00e1 antes de ser empossada a vereadora participou da Caravana da Transforma\u00e7\u00e3o do Governo Pedro Taques em Canarana; da Presta\u00e7\u00e3o de Contas do CODEMA (Cons\u00f3rcio Municipal do M\u00e9dio Araguaia) com a participa\u00e7\u00e3o de prefeitos e vereadores das cidades do M\u00e9dio Araguaia em \u00c1gua Boa.<br />Depois de ter sido empossada sua atua\u00e7\u00e3o foi mais abrangente em busca de aux\u00edlio para o Munic\u00edpio. Em Cuiab\u00e1 participou da reuni\u00e3o da UCMMAT (Uni\u00e3o das C\u00e2maras Municipais do Mato Grosso) e posteriormente do Congresso da UVB (Uni\u00e3o dos Vereadores do Brasil).</p>\r\n<p style=\"text-align: justify; \"><img src=\"https://www.novanazare.mt.leg.br/copy_of_PatriciaVereadora01.jpeg/@@images/33348ce9-16ab-4ebb-9a2a-d077659ab0be.jpeg\" alt=\"\" class=\"image-inline\" title=\"\" /></p>\r\n<p style=\"text-align: justify; \">\u00a0</p>\r\n<p style=\"text-align: justify; \"><img src=\"https://www.novanazare.mt.leg.br/VereadoraPatricia02.jpeg/@@images/c995be03-c253-47f0-976e-070f30e23ca0.jpeg\" alt=\"\" class=\"image-inline\" title=\"\" /></p>\r\n<p style=\"text-align: justify; \"><br />Recentemente esteva na 15\u00aa Marcha dos Vereadores em Bras\u00edlia. Fez importantes contatos: com o Senador Jos\u00e9 Medeiros/PSD; no INCRA com o Chefe de Gabinete Francisco Nascimento; no Minist\u00e9rio de Ci\u00eancias e Tecnologia, com o suplente de Deputado Federal Jos\u00e9 Turvo (Tampinha); no Est\u00e1dio Man\u00e9 Garrincha participou do 4\u00ba Encontro dos Munic\u00edpios com o Desenvolvimento Sustent\u00e1vel.<br />Em sua Comunidade, Nova Nazar\u00e9, a vereadora Patr\u00edcia participou de v\u00e1rios eventos, destacando Dia Internacional da Mulher; Curso NCR (Neg\u00f3cio Certo Rural); PROERD (Programa de Erradica\u00e7\u00e3o Contra as Drogas); Palestra da Sa\u00fade para as Crian\u00e7as; Bazar Beneficente P\u00e1scoa Feliz e Entrega de Chocolates para as Crian\u00e7as; Dia do \u00cdndio na Aldeia Cachoeira; Programa Balde Cheio para melhoria da produ\u00e7\u00e3o de leite.<br />Seu trabalho rec\u00e9m inicia. E promete muita luta em prol de Nova Nazar\u00e9. <br />Concluiu: \u201cLogo, n\u00f3s somos unanimidade de um povo unido, trabalhador e que ama sua terra\u201d.</p>", "author_name": "Professor Borba/Redator", "version": "1.0", "author_url": "https://www.novanazare.mt.leg.br/author/Professor Borba/Redator", "provider_name": "C\u00e2mara Municipal de Nova Nazar\u00e9", "type": "rich"}